{"id":12803,"date":"2026-01-25T08:55:01","date_gmt":"2026-01-25T07:55:01","guid":{"rendered":"https:\/\/www.orpheus-magazin.de\/?p=12803"},"modified":"2026-01-26T10:11:14","modified_gmt":"2026-01-26T09:11:14","slug":"strasbourg-das-wunder-der-heliane","status":"publish","type":"post","link":"https:\/\/www.orpheus-magazin.de\/de\/2026\/01\/25\/strasbourg-das-wunder-der-heliane\/","title":{"rendered":"Licht im Dunkeln"},"content":{"rendered":"<p>Erich Wolfgang Korngold (1897-1957) platzierte sich als 23-J\u00e4hriger mit der \u201eToten Stadt\u201c gleich vorne in der Opernwelt. Mit dem \u201eWunder der Heliane\u201c riskierte er 1927 sogar eine Art Gegen-\u201eSalome\u201c: mit einer solch opulenten Prachtentfaltung, dass sie auch heute noch zum Antrieb f\u00fcr die gem\u00e4chliche, aber anhaltende Korngold-Renaissance taugt. Jakob Peters-Messer (Regie), Guido Petzold (B\u00fchne, Licht und Video) und Tanja Liebermann (Kost\u00fcme) haben ihre Inszenierung f\u00fcr die Nederlandse Reisopera aus dem Jahr 2023 jetzt mit einer eigenen Besetzung f\u00fcr die Op\u00e9ra national du Rhin in Strasbourg neu einstudiert.<\/p>\n\n\n\n<p>Wie bei Strauss geht es auch bei Korngold um eine psychologisch gr\u00fcndelnd aufgeladene, extreme Melange aus Liebe und Tod. Die Heldin ist eine gef\u00fchlvolle und emphatische K\u00f6nigin, die sich im sprichw\u00f6rtlichen Reich der Dunkelheit \u2013 an der Seite eines K\u00f6nigs, der nie lacht \u2013 gefangen f\u00fchlt. Nachdem sie einem fremden, auf seine Hinrichtung wartenden jungen Mann den Wunsch gew\u00e4hrt, sich ihm vor seiner Exekution nackt zu zeigen, kommt es zum Eklat. Als der K\u00f6nig davon erf\u00e4hrt, l\u00e4sst er den Barbaren in sich von der Leine. In der eskalierenden Auseinandersetzung schleudert sie ihm entgegen: \u201eFrag diese alle, frag sie, ob einer je in diesem Kerker gl\u00fccklich war \u2013 und Gl\u00fcck ist unser Recht!!\u201c. Immerhin diese Sentenz aus dem Libretto von Hans M\u00fcller-Einigen leuchtet bis heute in jede unfreie Gesellschaft hinein. Neben der suggestiven Prachtentfaltung der Musik bietet das Werk gar eine Art von Happy End: Am Ende sind der Fremde und Heliane erst tot und dann doch wieder lebendig, um gemeinsam einer anderen, besseren Welt entgegenzugehen.<\/p>\n\n\n\n<p>Daf\u00fcr \u00f6ffnet sich der faszinierend elegante, abstrakte B\u00fchnenraum mit der verspiegelten, als Woge erstarrten Decke und gibt den Blick auf quasi himmlischen (Spiegel-)Glanz frei. Dunkel sind in diesem Reich der Dunkelheit vor allem die Kost\u00fcme des K\u00f6nigs und der Richter. Nur Heliane und der Fremde heben sich davon ab. Das Volk kommt im Habitus eines sozialen Querschnitts von heute daher. Zun\u00e4chst rebelliert es gegen das rabiate Vorgehen gegen die K\u00f6nigin, l\u00e4sst sich dann aber von der einst vom K\u00f6nig als Geliebte versto\u00dfenen Beraterin (Kai R\u00fc\u00fctel-Pajula) aufhetzen, die mit dunklem Furor ihrem eigenen Stern des B\u00f6sen folgt.<\/p>\n\n\n\n<p>Am Pult des Orchestre philharmonique de Strasbourg setzt Robert Houssart mehr auf den dramatischen Drive der Geschichte als auf die Suggestion des Klangrausches, liefert aber auch diesen, vor allem, wenn der Chor zum Zuge kommt. Ric Furman fasziniert als Fremder nicht nur die K\u00f6nigin mit seinem Tristan-geschulten Tenor. Camille Schnoor ist eine in sich ruhend wirkende Heliane, die gleichwohl die Salome-Ankl\u00e4nge der Partie aufscheinen l\u00e4sst. Josef Wagner gibt einen markanten K\u00f6nig und auch alle \u00fcbrigen Rollen sind sorgf\u00e4ltig besetzt, sodass sich das Korngold-Wunder auch in Strasbourg ereignet.<\/p>\n\n\n\n<p class=\"has-text-align-right\"><em>Dr. Joachim Lange<\/em><\/p>\n\n\n\n<p><strong>\u201eDas Wunder der Heliane\u201c (1927) \/\/ Oper von Erich Wolfgang Korngold<\/strong><\/p>\n\n\n\n<p><a href=\"https:\/\/www.operanationaldurhin.eu\/de\/spectacles\/saison-2526\/opera\/le-miracle-dheliane\" target=\"_blank\" rel=\"noreferrer noopener\">Infos und Termine auf der Website der Op\u00e9ra national du Rhin<\/a><\/p>","protected":false},"excerpt":{"rendered":"<p><span class=\"location\"> Op\u00e9ra national du Rhin \u2022 Das Wunder der Heliane<\/span><\/br> Korngolds Oper entfaltet ihre Pracht<\/p>","protected":false},"author":12,"featured_media":12805,"comment_status":"closed","ping_status":"closed","sticky":false,"template":"","format":"standard","meta":{"tpgb_global_settings":"","_editorskit_title_hidden":false,"_editorskit_reading_time":0,"_editorskit_is_block_options_detached":false,"_editorskit_block_options_position":"{}","_eb_attr":"","footnotes":""},"categories":[34,2020],"tags":[],"class_list":["post-12803","post","type-post","status-publish","format-standard","has-post-thumbnail","hentry","category-rezensionen","category-rezensionen-2026-02"],"tpgb_featured_images":{"full":["https:\/\/www.orpheus-magazin.de\/wp-content\/uploads\/2026\/01\/Opera-national-du-Rhin_Das-Wunder-der-Heliane-c-Klara-Beck.jpg",1500,844,false],"tp-image-grid":["https:\/\/www.orpheus-magazin.de\/wp-content\/uploads\/2026\/01\/Opera-national-du-Rhin_Das-Wunder-der-Heliane-c-Klara-Beck-700x700.jpg",700,700,true],"thumbnail":["https:\/\/www.orpheus-magazin.de\/wp-content\/uploads\/2026\/01\/Opera-national-du-Rhin_Das-Wunder-der-Heliane-c-Klara-Beck-600x169.jpg",600,169,true],"medium":["https:\/\/www.orpheus-magazin.de\/wp-content\/uploads\/2026\/01\/Opera-national-du-Rhin_Das-Wunder-der-Heliane-c-Klara-Beck-1200x675.jpg",1200,675,true],"medium_large":["https:\/\/www.orpheus-magazin.de\/wp-content\/uploads\/2026\/01\/Opera-national-du-Rhin_Das-Wunder-der-Heliane-c-Klara-Beck-768x432.jpg",600,338,true],"large":["https:\/\/www.orpheus-magazin.de\/wp-content\/uploads\/2026\/01\/Opera-national-du-Rhin_Das-Wunder-der-Heliane-c-Klara-Beck.jpg",600,338,false],"default":"https:\/\/www.orpheus-magazin.de\/wp-content\/plugins\/the-plus-addons-for-block-editor\/assets\/images\/tpgb-placeholder.jpg"},"tpgb_post_meta_info":{"get_date":"25. Januar 2026","get_modified_date":"26. Januar 2026","category_list":{"category":[{"term_id":34,"name":"Rezensionen","slug":"rezensionen","term_group":0,"term_taxonomy_id":34,"taxonomy":"category","description":"","parent":0,"count":452,"filter":"raw","order":"0"},{"term_id":2020,"name":"Rezensionen 2026\/02","slug":"rezensionen-2026-02","term_group":0,"term_taxonomy_id":2020,"taxonomy":"category","description":"","parent":34,"count":75,"filter":"raw","order":"0"}],"post_tag":false},"author_name":"Florian Maier","author_url":"https:\/\/www.orpheus-magazin.de\/de\/author\/redaktionorpheus-magazin-de\/","author_email":"redaktion@orpheus-magazin.de","author_website":"","author_description":"","author_facebook":"","author_twitter":"","author_instagram":"","author_role":["administrator"],"author_firstname":"Florian","author_lastname":"Maier","user_login":"redaktion@orpheus-magazin.de","author_avatar":"<img alt='' src='https:\/\/secure.gravatar.com\/avatar\/5ee5bbfa3e4d8e8fd4c1781cc619164177d374083eb6aa532bc9f2ba5f9c346a?s=200&#038;d=mm&#038;r=g' srcset='https:\/\/secure.gravatar.com\/avatar\/5ee5bbfa3e4d8e8fd4c1781cc619164177d374083eb6aa532bc9f2ba5f9c346a?s=400&#038;d=mm&#038;r=g 2x' class='avatar avatar-200 photo' height='200' width='200' decoding='async'\/>","author_avatar_url":"https:\/\/secure.gravatar.com\/avatar\/5ee5bbfa3e4d8e8fd4c1781cc619164177d374083eb6aa532bc9f2ba5f9c346a?s=96&d=mm&r=g","comment_count":0,"post_likes":0,"post_views":0},"tpgb_post_category":{"category":"<a href=\"https:\/\/www.orpheus-magazin.de\/de\/category\/rezensionen\/\" alt=\"Rezensionen\"  class=\"category-rezensionen\">Rezensionen<\/a> <a href=\"https:\/\/www.orpheus-magazin.de\/de\/category\/rezensionen\/rezensionen-2026-02\/\" alt=\"Rezensionen 2026\/02\"  class=\"category-rezensionen-2026-02\">Rezensionen 2026\/02<\/a> "},"_links":{"self":[{"href":"https:\/\/www.orpheus-magazin.de\/de\/wp-json\/wp\/v2\/posts\/12803","targetHints":{"allow":["GET"]}}],"collection":[{"href":"https:\/\/www.orpheus-magazin.de\/de\/wp-json\/wp\/v2\/posts"}],"about":[{"href":"https:\/\/www.orpheus-magazin.de\/de\/wp-json\/wp\/v2\/types\/post"}],"author":[{"embeddable":true,"href":"https:\/\/www.orpheus-magazin.de\/de\/wp-json\/wp\/v2\/users\/12"}],"replies":[{"embeddable":true,"href":"https:\/\/www.orpheus-magazin.de\/de\/wp-json\/wp\/v2\/comments?post=12803"}],"version-history":[{"count":1,"href":"https:\/\/www.orpheus-magazin.de\/de\/wp-json\/wp\/v2\/posts\/12803\/revisions"}],"predecessor-version":[{"id":12806,"href":"https:\/\/www.orpheus-magazin.de\/de\/wp-json\/wp\/v2\/posts\/12803\/revisions\/12806"}],"wp:featuredmedia":[{"embeddable":true,"href":"https:\/\/www.orpheus-magazin.de\/de\/wp-json\/wp\/v2\/media\/12805"}],"wp:attachment":[{"href":"https:\/\/www.orpheus-magazin.de\/de\/wp-json\/wp\/v2\/media?parent=12803"}],"wp:term":[{"taxonomy":"category","embeddable":true,"href":"https:\/\/www.orpheus-magazin.de\/de\/wp-json\/wp\/v2\/categories?post=12803"},{"taxonomy":"post_tag","embeddable":true,"href":"https:\/\/www.orpheus-magazin.de\/de\/wp-json\/wp\/v2\/tags?post=12803"}],"curies":[{"name":"wp","href":"https:\/\/api.w.org\/{rel}","templated":true}]}}