{"id":12807,"date":"2026-01-25T09:45:56","date_gmt":"2026-01-25T08:45:56","guid":{"rendered":"https:\/\/www.orpheus-magazin.de\/?p=12807"},"modified":"2026-01-25T09:46:02","modified_gmt":"2026-01-25T08:46:02","slug":"salzburg-die-zauberfloete","status":"publish","type":"post","link":"https:\/\/www.orpheus-magazin.de\/de\/2026\/01\/25\/salzburg-die-zauberfloete\/","title":{"rendered":"Kein Zauber, nirgends"},"content":{"rendered":"<p>Eine \u201esubtile Hommage\u201c an Mozart solle es werden, lie\u00df Rolando Villaz\u00f3n, der Intendant der Salzburger Mozartwoche, im Vorfeld der von ihm selbst inszenierten \u201eZauberfl\u00f6te\u201c verlauten. Das hat nicht ganz geklappt.<\/p>\n\n\n\n<p>\u201eWer ist denn der im gr\u00fcnen Mantel?\u201c, fl\u00fcstert ein Sitznachbar nach den ersten Szenen. Es ist Mozart, in seiner spartanisch eingerichteten Wohnung, am Ende seines Lebens. Er schleppt sich vom Bett zum Klavier, schl\u00e4gt ein paar T\u00f6ne an, bricht verzweifelt ab, wirft Notenbl\u00e4tter durcheinander, wankt zur\u00fcck zum Bett. Offensichtlich schreibt er an seinem Requiem. Ein T\u00e4nzer spielt den Schwerkranken, dem der Regisseur auch noch Frau und Kinder zur Seite stellt. Die stumm agierende Kleinfamilie wuselt dauerpr\u00e4sent durch das St\u00fcck, grimassierend, h\u00e4nderingend, leidend. Das irritiert, lenkt ab und konterkariert Mozarts Musik.<\/p>\n\n\n\n<p>Musikalisch beginnt der Abend vielversprechend: Markig, schroff, winterkalt setzt das Mozarteumorchester unter Chefdirigent Roberto Gonz\u00e1lez-Monjas die Ouvert\u00fcre in den Raum \u2013 und bleibt dann \u00fcber drei Stunden pr\u00e4zise, ausdrucksstark und unsentimental.<\/p>\n\n\n\n<p>Villaz\u00f3n erz\u00e4hlt die Geschichte als M\u00e4rchen (Menschen in Tierkost\u00fcmen), macht ein bisschen auf divers (die Textzeile \u201eMann und Frau und Frau und Mann\u201c wird erweitert zu \u201eFrau und Frau und Mann und Mann\u201c), l\u00e4sst die Freimaurer-Thematik beiseite (das kann man ihm nicht einmal verdenken) und prunkt nicht mit ausgefeilter Personenregie. Zu viele Ideensplitter, zu viel Theater von vorgestern, zu wenig Handwerk. Erstaunlich einfallslos wirken B\u00fchnenbild (Harald Thor) und Lichtdesign (Stefan Bolliger) \u2013 auch hier kein Zauber, nirgends.<\/p>\n\n\n\n<p>S\u00e4ngerisch ist dieser Abend ebenfalls nicht die ganz gro\u00dfe Erf\u00fcllung. Kathryn Lewek hat nicht ihren besten Tag und schie\u00dft als K\u00f6nigin der Nacht unsch\u00f6n angesch\u00e4rfte Spitzent\u00f6ne ins All, die drei Damen lassen darstellerische Pr\u00e4senz und gesammelten Wohlklang vermissen und auch die allzu zart intonierenden, in babyrosa gekleideten Knaben zeigen, von der Regie weitgehend alleingelassen, wenig Profil. Franz-Josef Selig mit Wallekost\u00fcm in Batik-Optik spielt und singt Sarastro weniger als Autorit\u00e4t denn als gutm\u00fctigen Onkel mit weichem Bass ohne gro\u00dfes Fundament.<\/p>\n\n\n\n<p>Als knallbunter Wiedehopf albert Papageno durch die Szene \u2013 das hat man schon zu oft (und oft besser) gesehen. Doch der britisch-russische Bariton Theodore Platt singt wenigstens kernig. Magnus Dietrich als Tamino hat die H\u00f6he, muss jedoch seinen lyrischen Tenor oft mit Druck ins Forte schieben. K\u00f6nigin des Abends ist Emily Pogorelc in der Rolle der Pamina: mit herrlich aufbl\u00fchendem Sopran, innig, geschmeidig, das Ensemble \u00fcberstrahlend.<\/p>\n\n\n\n<p>Nach den m\u00fcde beklatschten Arien und Duetten \u00fcberrascht der ausgelassene Schlussjubel dann doch. Daf\u00fcr verantwortlich ist ein wohlfeiler, aber effektvoller Gag des Regisseurs: Mozarts Himmelfahrt. Und wir verstehen: Das war weniger Wolferls \u201eZauberfl\u00f6te\u201c als vielmehr Rolandos Kasperltheater.<\/p>\n\n\n\n<p class=\"has-text-align-right\"><em>Michael Atzinger<\/em><\/p>\n\n\n\n<p><strong>\u201eDie Zauberfl\u00f6te\u201c (1791) \/\/ Singspiel (\u201eGro\u00dfe Oper\u201c) von Wolfgang Amadeus Mozart<\/strong><\/p>\n\n\n\n<p><a href=\"https:\/\/mozarteum.at\/events\/mozart-die-zauberfloete-kv-620#events\" target=\"_blank\" rel=\"noreferrer noopener\">Infos und Termine auf der Website der Internationalen Stiftung Mozarteum<\/a><\/p>","protected":false},"excerpt":{"rendered":"<p><span class=\"location\"> Mozartwoche \u2022 Die Zauberfl\u00f6te<\/span><\/br> Rolando Villaz\u00f3n \u00fcberfrachtet Mozarts Klassiker<\/p>","protected":false},"author":12,"featured_media":12809,"comment_status":"closed","ping_status":"closed","sticky":false,"template":"","format":"standard","meta":{"tpgb_global_settings":"","_editorskit_title_hidden":false,"_editorskit_reading_time":0,"_editorskit_is_block_options_detached":false,"_editorskit_block_options_position":"{}","_eb_attr":"","footnotes":""},"categories":[34,2020],"tags":[],"class_list":["post-12807","post","type-post","status-publish","format-standard","has-post-thumbnail","hentry","category-rezensionen","category-rezensionen-2026-02"],"tpgb_featured_images":{"full":["https:\/\/www.orpheus-magazin.de\/wp-content\/uploads\/2026\/01\/Mozartwoche_Die-Zauberfloete-c-Werner-Kmetitsch.jpg",1500,844,false],"tp-image-grid":["https:\/\/www.orpheus-magazin.de\/wp-content\/uploads\/2026\/01\/Mozartwoche_Die-Zauberfloete-c-Werner-Kmetitsch-700x700.jpg",700,700,true],"thumbnail":["https:\/\/www.orpheus-magazin.de\/wp-content\/uploads\/2026\/01\/Mozartwoche_Die-Zauberfloete-c-Werner-Kmetitsch-600x169.jpg",600,169,true],"medium":["https:\/\/www.orpheus-magazin.de\/wp-content\/uploads\/2026\/01\/Mozartwoche_Die-Zauberfloete-c-Werner-Kmetitsch-1200x675.jpg",1200,675,true],"medium_large":["https:\/\/www.orpheus-magazin.de\/wp-content\/uploads\/2026\/01\/Mozartwoche_Die-Zauberfloete-c-Werner-Kmetitsch-768x432.jpg",600,338,true],"large":["https:\/\/www.orpheus-magazin.de\/wp-content\/uploads\/2026\/01\/Mozartwoche_Die-Zauberfloete-c-Werner-Kmetitsch.jpg",600,338,false],"default":"https:\/\/www.orpheus-magazin.de\/wp-content\/plugins\/the-plus-addons-for-block-editor\/assets\/images\/tpgb-placeholder.jpg"},"tpgb_post_meta_info":{"get_date":"25. Januar 2026","get_modified_date":"25. Januar 2026","category_list":{"category":[{"term_id":34,"name":"Rezensionen","slug":"rezensionen","term_group":0,"term_taxonomy_id":34,"taxonomy":"category","description":"","parent":0,"count":452,"filter":"raw","order":"0"},{"term_id":2020,"name":"Rezensionen 2026\/02","slug":"rezensionen-2026-02","term_group":0,"term_taxonomy_id":2020,"taxonomy":"category","description":"","parent":34,"count":75,"filter":"raw","order":"0"}],"post_tag":false},"author_name":"Florian Maier","author_url":"https:\/\/www.orpheus-magazin.de\/de\/author\/redaktionorpheus-magazin-de\/","author_email":"redaktion@orpheus-magazin.de","author_website":"","author_description":"","author_facebook":"","author_twitter":"","author_instagram":"","author_role":["administrator"],"author_firstname":"Florian","author_lastname":"Maier","user_login":"redaktion@orpheus-magazin.de","author_avatar":"<img alt='' src='https:\/\/secure.gravatar.com\/avatar\/5ee5bbfa3e4d8e8fd4c1781cc619164177d374083eb6aa532bc9f2ba5f9c346a?s=200&#038;d=mm&#038;r=g' srcset='https:\/\/secure.gravatar.com\/avatar\/5ee5bbfa3e4d8e8fd4c1781cc619164177d374083eb6aa532bc9f2ba5f9c346a?s=400&#038;d=mm&#038;r=g 2x' class='avatar avatar-200 photo' height='200' width='200' decoding='async'\/>","author_avatar_url":"https:\/\/secure.gravatar.com\/avatar\/5ee5bbfa3e4d8e8fd4c1781cc619164177d374083eb6aa532bc9f2ba5f9c346a?s=96&d=mm&r=g","comment_count":0,"post_likes":0,"post_views":0},"tpgb_post_category":{"category":"<a href=\"https:\/\/www.orpheus-magazin.de\/de\/category\/rezensionen\/\" alt=\"Rezensionen\"  class=\"category-rezensionen\">Rezensionen<\/a> <a href=\"https:\/\/www.orpheus-magazin.de\/de\/category\/rezensionen\/rezensionen-2026-02\/\" alt=\"Rezensionen 2026\/02\"  class=\"category-rezensionen-2026-02\">Rezensionen 2026\/02<\/a> "},"_links":{"self":[{"href":"https:\/\/www.orpheus-magazin.de\/de\/wp-json\/wp\/v2\/posts\/12807","targetHints":{"allow":["GET"]}}],"collection":[{"href":"https:\/\/www.orpheus-magazin.de\/de\/wp-json\/wp\/v2\/posts"}],"about":[{"href":"https:\/\/www.orpheus-magazin.de\/de\/wp-json\/wp\/v2\/types\/post"}],"author":[{"embeddable":true,"href":"https:\/\/www.orpheus-magazin.de\/de\/wp-json\/wp\/v2\/users\/12"}],"replies":[{"embeddable":true,"href":"https:\/\/www.orpheus-magazin.de\/de\/wp-json\/wp\/v2\/comments?post=12807"}],"version-history":[{"count":1,"href":"https:\/\/www.orpheus-magazin.de\/de\/wp-json\/wp\/v2\/posts\/12807\/revisions"}],"predecessor-version":[{"id":12810,"href":"https:\/\/www.orpheus-magazin.de\/de\/wp-json\/wp\/v2\/posts\/12807\/revisions\/12810"}],"wp:featuredmedia":[{"embeddable":true,"href":"https:\/\/www.orpheus-magazin.de\/de\/wp-json\/wp\/v2\/media\/12809"}],"wp:attachment":[{"href":"https:\/\/www.orpheus-magazin.de\/de\/wp-json\/wp\/v2\/media?parent=12807"}],"wp:term":[{"taxonomy":"category","embeddable":true,"href":"https:\/\/www.orpheus-magazin.de\/de\/wp-json\/wp\/v2\/categories?post=12807"},{"taxonomy":"post_tag","embeddable":true,"href":"https:\/\/www.orpheus-magazin.de\/de\/wp-json\/wp\/v2\/tags?post=12807"}],"curies":[{"name":"wp","href":"https:\/\/api.w.org\/{rel}","templated":true}]}}