{"id":13018,"date":"2026-03-13T23:19:23","date_gmt":"2026-03-13T22:19:23","guid":{"rendered":"https:\/\/www.orpheus-magazin.de\/?p=13018"},"modified":"2026-03-16T16:30:31","modified_gmt":"2026-03-16T15:30:31","slug":"strasbourg-le-roi-d-ys","status":"publish","type":"post","link":"https:\/\/www.orpheus-magazin.de\/de\/2026\/03\/13\/strasbourg-le-roi-d-ys\/","title":{"rendered":"Rachefluten"},"content":{"rendered":"<p>\u201eLe roi d\u2019Ys\u201c von \u00c9douard Lalo geh\u00f6rte nach der Urauff\u00fchrung an der Pariser Op\u00e9ra-Comique 1888 mit fast 500 Auff\u00fchrungen ein gutes halbes Jahrhundert zu den erfolgreichen franz\u00f6sischen Opern. Das Libretto von \u00c9douard Blau f\u00fchrt in die Stadt Ys an der bretonischen K\u00fcste. Da sie unterhalb des Meeresspiegels liegt, wird sie durch einen m\u00e4chtigen Damm mit Schleusen vor den Fluten gesch\u00fctzt. Diese gef\u00e4hrdete Lage verlangt nach einem weitsichtigen Herrscher. Der K\u00f6nig von Ys (Patrick Bolleire) versucht den Frieden durch eine Heirat seiner \u00e4ltesten Tochter Margared (mit intensiver Mezzo-Bosheit: Ana\u00efk Morel) mit dem kriegerischen Prinzen Karnac (mit vitaler Kraft: Jean-Kristof Bouton) abzusichern. Bei der R\u00fcckkehr ihres verschollenen Favoriten Mylio (mit schmetterndem Tenor: Julien Henric) verweigert sie allerdings die politisch wichtige Hochzeit mit Karnac. Aber Mylio liebt ohnehin ihre j\u00fcngere Schwester Rozenn (Lauranne Oliva). Als der K\u00f6nig Mylio die Hand Rozenns verspricht, wenn er Karnac, der nach seiner geplatzten Hochzeit nat\u00fcrlich wieder in den Krieg gegen Ys zieht, besiegt, nimmt das Verh\u00e4ngnis seinen Lauf und Margared l\u00e4uft Amok. Sie f\u00fchlt sich betrogen, steigert sich in einen Racherausch und wird zur Hochverr\u00e4terin. Sie weist dem besiegten Karnac den Weg zu den Schleusen, die die Stadt vor dem Untergang sch\u00fctzen. Dass Margered sich am Ende als Opfer in die bewusst herbeigef\u00fchrten Fluten st\u00fcrzt, um den Vernichtungs-Tsunami zu beenden, macht das Ganze nicht besser.<\/p>\n\n\n\n<p>Was Samy Rachid und das Orchestre national de Mulhouse dazu an musikalischem Seegang im Graben entfesseln, ist atemberaubend. Die gewaltig sich auft\u00fcrmenden Klangwellenberge im opulent-sp\u00e4tromantischen Orchesterklang ziehen durchweg in Bann.<\/p>\n\n\n\n<p>Regisseur Olivier Py und seinem Ausstatter Pierre-Andr\u00e9 Weitz gelingt dazu eine eindrucksvolle szenische Umsetzung. Hintereinander in die Tiefe der B\u00fchne gestaffelte Well(!)blechh\u00e4nger imaginieren das Wogen des Meeres, dazu gibt es m\u00e4chtige Schleusentore f\u00fcr die Anmutung von Schiffen und diverse Arkadensegmente, ein paar exemplarische K\u00e4mpfer, die aufeinander losgehen, sowie historisierend auf die Entstehungszeit anspielende Kost\u00fcme. Das macht zum gewaltigen musikalischen auch einen starken optischen Eindruck und kompensiert das Statische in einigen Passagen vor allem des von Hendrik Haas einstudierten Ch\u0153ur de l\u2019Op\u00e9ra national du Rhin.<\/p>\n\n\n\n<p>Gesungen wird in Strasbourg durchweg gro\u00dfartig und mit genau dem Pathos, das die Geschichte braucht, um auch bei einem heutigen Publikum Wirkung zu entfalten. Dazu geh\u00f6rt dann auch \u2013 als seltsame Schlusspointe nach dem Selbstopfer Margareds und dem Abebben der verlustreichen Sturmflut \u2013 ein unvermittelt einsetzender Konfettiregen. Und st\u00fcrmischer Beifall f\u00fcr alle.<\/p>\n\n\n\n<p class=\"has-text-align-right\"><em>Roberto Becker<\/em><\/p>\n\n\n\n<p><strong>\u201eLe roi d\u2019Ys\u201c (1888) \/\/ Oper von \u00c9douard Lalo<\/strong><\/p>\n\n\n\n<p><a href=\"https:\/\/www.operanationaldurhin.eu\/de\/spectacles\/saison-2526\/opera\/le-roi-dys\" target=\"_blank\" rel=\"noreferrer noopener\">Infos und Termine auf der Website der Op\u00e9ra national du Rhin<\/a><\/p>","protected":false},"excerpt":{"rendered":"<p><span class=\"location\"> Op\u00e9ra national du Rhin \u2022 Le roi d\u2019Ys<\/span><\/br> Opulente Klangwellen und eine eindrucksvolle Szenerie f\u00fcr Lalos Oper<\/p>","protected":false},"author":12,"featured_media":13019,"comment_status":"closed","ping_status":"closed","sticky":false,"template":"","format":"standard","meta":{"tpgb_global_settings":"","_editorskit_title_hidden":false,"_editorskit_reading_time":0,"_editorskit_is_block_options_detached":false,"_editorskit_block_options_position":"{}","_eb_attr":"","footnotes":""},"categories":[34,2020],"tags":[],"class_list":["post-13018","post","type-post","status-publish","format-standard","has-post-thumbnail","hentry","category-rezensionen","category-rezensionen-2026-02"],"tpgb_featured_images":{"full":["https:\/\/www.orpheus-magazin.de\/wp-content\/uploads\/2026\/03\/Opera-national-du-Rhin_Le-roi-dYs-c-Klara-Beck-OnR.jpg",1500,844,false],"tp-image-grid":["https:\/\/www.orpheus-magazin.de\/wp-content\/uploads\/2026\/03\/Opera-national-du-Rhin_Le-roi-dYs-c-Klara-Beck-OnR-700x700.jpg",700,700,true],"thumbnail":["https:\/\/www.orpheus-magazin.de\/wp-content\/uploads\/2026\/03\/Opera-national-du-Rhin_Le-roi-dYs-c-Klara-Beck-OnR-600x169.jpg",600,169,true],"medium":["https:\/\/www.orpheus-magazin.de\/wp-content\/uploads\/2026\/03\/Opera-national-du-Rhin_Le-roi-dYs-c-Klara-Beck-OnR-1200x675.jpg",1200,675,true],"medium_large":["https:\/\/www.orpheus-magazin.de\/wp-content\/uploads\/2026\/03\/Opera-national-du-Rhin_Le-roi-dYs-c-Klara-Beck-OnR-768x432.jpg",600,338,true],"large":["https:\/\/www.orpheus-magazin.de\/wp-content\/uploads\/2026\/03\/Opera-national-du-Rhin_Le-roi-dYs-c-Klara-Beck-OnR.jpg",600,338,false],"default":"https:\/\/www.orpheus-magazin.de\/wp-content\/plugins\/the-plus-addons-for-block-editor\/assets\/images\/tpgb-placeholder.jpg"},"tpgb_post_meta_info":{"get_date":"13. M\u00e4rz 2026","get_modified_date":"16. M\u00e4rz 2026","category_list":{"category":[{"term_id":34,"name":"Rezensionen","slug":"rezensionen","term_group":0,"term_taxonomy_id":34,"taxonomy":"category","description":"","parent":0,"count":452,"filter":"raw","order":"0"},{"term_id":2020,"name":"Rezensionen 2026\/02","slug":"rezensionen-2026-02","term_group":0,"term_taxonomy_id":2020,"taxonomy":"category","description":"","parent":34,"count":75,"filter":"raw","order":"0"}],"post_tag":false},"author_name":"Florian Maier","author_url":"https:\/\/www.orpheus-magazin.de\/de\/author\/redaktionorpheus-magazin-de\/","author_email":"redaktion@orpheus-magazin.de","author_website":"","author_description":"","author_facebook":"","author_twitter":"","author_instagram":"","author_role":["administrator"],"author_firstname":"Florian","author_lastname":"Maier","user_login":"redaktion@orpheus-magazin.de","author_avatar":"<img alt='' src='https:\/\/secure.gravatar.com\/avatar\/5ee5bbfa3e4d8e8fd4c1781cc619164177d374083eb6aa532bc9f2ba5f9c346a?s=200&#038;d=mm&#038;r=g' srcset='https:\/\/secure.gravatar.com\/avatar\/5ee5bbfa3e4d8e8fd4c1781cc619164177d374083eb6aa532bc9f2ba5f9c346a?s=400&#038;d=mm&#038;r=g 2x' class='avatar avatar-200 photo' height='200' width='200' decoding='async'\/>","author_avatar_url":"https:\/\/secure.gravatar.com\/avatar\/5ee5bbfa3e4d8e8fd4c1781cc619164177d374083eb6aa532bc9f2ba5f9c346a?s=96&d=mm&r=g","comment_count":0,"post_likes":0,"post_views":0},"tpgb_post_category":{"category":"<a href=\"https:\/\/www.orpheus-magazin.de\/de\/category\/rezensionen\/\" alt=\"Rezensionen\"  class=\"category-rezensionen\">Rezensionen<\/a> <a href=\"https:\/\/www.orpheus-magazin.de\/de\/category\/rezensionen\/rezensionen-2026-02\/\" alt=\"Rezensionen 2026\/02\"  class=\"category-rezensionen-2026-02\">Rezensionen 2026\/02<\/a> "},"_links":{"self":[{"href":"https:\/\/www.orpheus-magazin.de\/de\/wp-json\/wp\/v2\/posts\/13018","targetHints":{"allow":["GET"]}}],"collection":[{"href":"https:\/\/www.orpheus-magazin.de\/de\/wp-json\/wp\/v2\/posts"}],"about":[{"href":"https:\/\/www.orpheus-magazin.de\/de\/wp-json\/wp\/v2\/types\/post"}],"author":[{"embeddable":true,"href":"https:\/\/www.orpheus-magazin.de\/de\/wp-json\/wp\/v2\/users\/12"}],"replies":[{"embeddable":true,"href":"https:\/\/www.orpheus-magazin.de\/de\/wp-json\/wp\/v2\/comments?post=13018"}],"version-history":[{"count":1,"href":"https:\/\/www.orpheus-magazin.de\/de\/wp-json\/wp\/v2\/posts\/13018\/revisions"}],"predecessor-version":[{"id":13020,"href":"https:\/\/www.orpheus-magazin.de\/de\/wp-json\/wp\/v2\/posts\/13018\/revisions\/13020"}],"wp:featuredmedia":[{"embeddable":true,"href":"https:\/\/www.orpheus-magazin.de\/de\/wp-json\/wp\/v2\/media\/13019"}],"wp:attachment":[{"href":"https:\/\/www.orpheus-magazin.de\/de\/wp-json\/wp\/v2\/media?parent=13018"}],"wp:term":[{"taxonomy":"category","embeddable":true,"href":"https:\/\/www.orpheus-magazin.de\/de\/wp-json\/wp\/v2\/categories?post=13018"},{"taxonomy":"post_tag","embeddable":true,"href":"https:\/\/www.orpheus-magazin.de\/de\/wp-json\/wp\/v2\/tags?post=13018"}],"curies":[{"name":"wp","href":"https:\/\/api.w.org\/{rel}","templated":true}]}}