{"id":13285,"date":"2026-04-28T00:06:07","date_gmt":"2026-04-27T22:06:07","guid":{"rendered":"https:\/\/www.orpheus-magazin.de\/?p=13285"},"modified":"2026-04-28T00:08:39","modified_gmt":"2026-04-27T22:08:39","slug":"schwetzingen-malina","status":"publish","type":"post","link":"https:\/\/www.orpheus-magazin.de\/de\/2026\/04\/28\/schwetzingen-malina\/","title":{"rendered":"\u201eEs war Mord.\u201c"},"content":{"rendered":"<p>\u201eEs war Mord.\u201c Die letzten Worte von Ingeborg Bachmanns einzig vollendetem, autobiografisch gef\u00e4rbtem Roman \u201eMalina\u201c aus dem Jahr 1971 geh\u00f6ren zu den ber\u00fchmtesten Schlusss\u00e4tzen der Literatur. Die namenlose Ich-Erz\u00e4hlerin verschwindet in einem Riss in der Wand. Gerade die Offenheit und der Assoziationsreichtum, aber auch die Musikalit\u00e4t von Bachmanns Sprache veranlassten die Librettistin Tina Hartmann und das Kompositionsduo Karola Oberm\u00fcller und Peter Gilbert, daraus eine Oper zu machen. Diese er\u00f6ffnet nun die 74. Schwetzinger SWR Festspiele: atmosph\u00e4risch dicht, melodi\u00f6s, r\u00e4tselhaft.<\/p>\n\n\n\n<p>Alles ist Bachmann, was gesungen und gesprochen wird. Es gibt keine durchgehende Handlung, sondern eine sprunghafte Aneinanderreihung von Alltagsszenen, Selbstreflexionen, M\u00e4rcheneinsprengseln und Alptr\u00e4umen. Wie der Bewusstseinsstrom der Erz\u00e4hlerin rei\u00dft auch die Musik von Oberm\u00fcller und Gilbert nicht ab. Sie kann in diesem Auftragswerk des Theaters Aachen auch mal illustrativ sein, wenn ein im Video (Fabio Stoll) angedeuteter Geschlechtsakt mit penetranten Repetitionen im Orchester untermalt wird.<\/p>\n\n\n\n<p>Larisa Akbari schenkt der Hauptfigur \u201eIch\u201c mit ihrem flexiblen Sopran viele Zwischent\u00f6ne. Valer Sabadus ist mit seinem androgynen Countertenor eine ideale Besetzung f\u00fcr Malina, wenn er mit einem k\u00fchlen L\u00e4cheln die Melodien belebt und doch ganz konturenlos bleibt. Regisseurin Franziska Angerer unterst\u00fctzt diese Ungreifbarkeit, indem sie ihn an verschiedenen Orten im Zuschauerraum des Schwetzinger Schlosstheaters positioniert. Bariton Micah Schroeder als cooler, zynischer Liebhaber Ivan, Koloratursopranistin Jelena Raki\u0107 als h\u00f6hensichere Prinzessin im schwarzen Kleid und Tenor \u00c1ngel Mac\u00edas als etwas forciert singender Prinz komplettieren mit den Kindern Melissa Zingsem (B\u00e9la) und Bela Scheuritzel (Andr\u00e1s) das Solistenensemble. Was die vielen gesprochenen Texte angeht, erreicht die Premiere leider nicht das s\u00e4ngerische Niveau.<\/p>\n\n\n\n<p>Auch das Sinfonieorchester Aachen, das erstmals in Schwetzingen im Graben sitzt (n\u00e4chstes Jahr soll wieder das SWR Symphonieorchester spielen), hat unter der Leitung von Chanmin Chung Luft nach oben. Gegen\u00fcber den Solisten ist es tendenziell zu laut, manchen Details vor allem im Schlagzeug fehlt es an Raffinesse und Klangqualit\u00e4t. St\u00e4rker agiert das Orchester, wenn sich Melodien in den Holzbl\u00e4sern oder dem Solocello entfalten. Und enorm plastisch klingt es, wenn zu Albtr\u00e4umen von Gaskammer, Gewalt und Missbrauch Glissandi den Boden unter den F\u00fc\u00dfen wegziehen.<\/p>\n\n\n\n<p>Auch szenisch spielt Blut eine gro\u00dfe Rolle (Ausstattung: Pia Dederichs). Ein Spiegel als Symbol f\u00fcr Selbstreflexion, Blumen mit Augen \u2013 die expressive Darstellung passt gut zur bildhaften Sprache von Ingeborg Bachmann, die am 25. Juni 2026 ihren 100. Geburtstag gefeiert h\u00e4tte.&nbsp;<\/p>\n\n\n\n<p>Nach den elektronisch eingespielten Worten \u201eEs war Mord\u201c summt die Prinzessin weiter. Nach all dem Dunklen schimmert Licht in das allm\u00e4hliche Verstummen. Eine tiefe Ruhe ist zu sp\u00fcren, ehe das erste Klatschen die Spannung bricht.<\/p>\n\n\n\n<p class=\"has-text-align-right\"><em>Georg Rudiger<\/em><\/p>\n\n\n\n<p><strong>\u201eMalina\u201c (2026) \/\/ Musiktheater von Karola Oberm\u00fcller und Peter Gilbert (Musik) sowie Tina Hartmann (Libretto)<\/strong><\/p>\n\n\n\n<p><a href=\"https:\/\/www.theateraachen.de\/de\/produktionen\/malina.html\" target=\"_blank\" rel=\"noreferrer noopener\">Infos und weitere Vorstellungen beim Koproduktionspartner Theater Aachen<\/a><\/p>","protected":false},"excerpt":{"rendered":"<p><span class=\"location\"> Schwetzinger SWR Festspiele \u2022 Malina<\/span><\/br> Atmosph\u00e4risch dicht, melodi\u00f6s, r\u00e4tselhaft: eine Ingeborg-Bachmann-Vertonung zum 100. <\/p>","protected":false},"author":12,"featured_media":13286,"comment_status":"closed","ping_status":"closed","sticky":false,"template":"","format":"standard","meta":{"tpgb_global_settings":"","_editorskit_title_hidden":false,"_editorskit_reading_time":0,"_editorskit_is_block_options_detached":false,"_editorskit_block_options_position":"{}","_eb_attr":"","footnotes":""},"categories":[34,2023],"tags":[],"class_list":["post-13285","post","type-post","status-publish","format-standard","has-post-thumbnail","hentry","category-rezensionen","category-rezensionen-2026-03"],"tpgb_featured_images":{"full":["https:\/\/www.orpheus-magazin.de\/wp-content\/uploads\/2026\/04\/Schwetzinger-SWR-Festspiele_Malina-c-Fernando-Fath.jpg",1500,1000,false],"tp-image-grid":["https:\/\/www.orpheus-magazin.de\/wp-content\/uploads\/2026\/04\/Schwetzinger-SWR-Festspiele_Malina-c-Fernando-Fath-700x700.jpg",700,700,true],"thumbnail":["https:\/\/www.orpheus-magazin.de\/wp-content\/uploads\/2026\/04\/Schwetzinger-SWR-Festspiele_Malina-c-Fernando-Fath-600x200.jpg",600,200,true],"medium":["https:\/\/www.orpheus-magazin.de\/wp-content\/uploads\/2026\/04\/Schwetzinger-SWR-Festspiele_Malina-c-Fernando-Fath-1200x800.jpg",1200,800,true],"medium_large":["https:\/\/www.orpheus-magazin.de\/wp-content\/uploads\/2026\/04\/Schwetzinger-SWR-Festspiele_Malina-c-Fernando-Fath-768x512.jpg",600,400,true],"large":["https:\/\/www.orpheus-magazin.de\/wp-content\/uploads\/2026\/04\/Schwetzinger-SWR-Festspiele_Malina-c-Fernando-Fath.jpg",600,400,false],"default":"https:\/\/www.orpheus-magazin.de\/wp-content\/plugins\/the-plus-addons-for-block-editor\/assets\/images\/tpgb-placeholder.jpg"},"tpgb_post_meta_info":{"get_date":"28. April 2026","get_modified_date":"28. April 2026","category_list":{"category":[{"term_id":34,"name":"Rezensionen","slug":"rezensionen","term_group":0,"term_taxonomy_id":34,"taxonomy":"category","description":"","parent":0,"count":452,"filter":"raw","order":"0"},{"term_id":2023,"name":"Rezensionen 2026\/03","slug":"rezensionen-2026-03","term_group":0,"term_taxonomy_id":2023,"taxonomy":"category","description":"","parent":34,"count":14,"filter":"raw","order":"0"}],"post_tag":false},"author_name":"Florian Maier","author_url":"https:\/\/www.orpheus-magazin.de\/de\/author\/redaktionorpheus-magazin-de\/","author_email":"redaktion@orpheus-magazin.de","author_website":"","author_description":"","author_facebook":"","author_twitter":"","author_instagram":"","author_role":["administrator"],"author_firstname":"Florian","author_lastname":"Maier","user_login":"redaktion@orpheus-magazin.de","author_avatar":"<img alt='' src='https:\/\/secure.gravatar.com\/avatar\/5ee5bbfa3e4d8e8fd4c1781cc619164177d374083eb6aa532bc9f2ba5f9c346a?s=200&#038;d=mm&#038;r=g' srcset='https:\/\/secure.gravatar.com\/avatar\/5ee5bbfa3e4d8e8fd4c1781cc619164177d374083eb6aa532bc9f2ba5f9c346a?s=400&#038;d=mm&#038;r=g 2x' class='avatar avatar-200 photo' height='200' width='200' decoding='async'\/>","author_avatar_url":"https:\/\/secure.gravatar.com\/avatar\/5ee5bbfa3e4d8e8fd4c1781cc619164177d374083eb6aa532bc9f2ba5f9c346a?s=96&d=mm&r=g","comment_count":0,"post_likes":0,"post_views":0},"tpgb_post_category":{"category":"<a href=\"https:\/\/www.orpheus-magazin.de\/de\/category\/rezensionen\/\" alt=\"Rezensionen\"  class=\"category-rezensionen\">Rezensionen<\/a> <a href=\"https:\/\/www.orpheus-magazin.de\/de\/category\/rezensionen\/rezensionen-2026-03\/\" alt=\"Rezensionen 2026\/03\"  class=\"category-rezensionen-2026-03\">Rezensionen 2026\/03<\/a> "},"_links":{"self":[{"href":"https:\/\/www.orpheus-magazin.de\/de\/wp-json\/wp\/v2\/posts\/13285","targetHints":{"allow":["GET"]}}],"collection":[{"href":"https:\/\/www.orpheus-magazin.de\/de\/wp-json\/wp\/v2\/posts"}],"about":[{"href":"https:\/\/www.orpheus-magazin.de\/de\/wp-json\/wp\/v2\/types\/post"}],"author":[{"embeddable":true,"href":"https:\/\/www.orpheus-magazin.de\/de\/wp-json\/wp\/v2\/users\/12"}],"replies":[{"embeddable":true,"href":"https:\/\/www.orpheus-magazin.de\/de\/wp-json\/wp\/v2\/comments?post=13285"}],"version-history":[{"count":3,"href":"https:\/\/www.orpheus-magazin.de\/de\/wp-json\/wp\/v2\/posts\/13285\/revisions"}],"predecessor-version":[{"id":13291,"href":"https:\/\/www.orpheus-magazin.de\/de\/wp-json\/wp\/v2\/posts\/13285\/revisions\/13291"}],"wp:featuredmedia":[{"embeddable":true,"href":"https:\/\/www.orpheus-magazin.de\/de\/wp-json\/wp\/v2\/media\/13286"}],"wp:attachment":[{"href":"https:\/\/www.orpheus-magazin.de\/de\/wp-json\/wp\/v2\/media?parent=13285"}],"wp:term":[{"taxonomy":"category","embeddable":true,"href":"https:\/\/www.orpheus-magazin.de\/de\/wp-json\/wp\/v2\/categories?post=13285"},{"taxonomy":"post_tag","embeddable":true,"href":"https:\/\/www.orpheus-magazin.de\/de\/wp-json\/wp\/v2\/tags?post=13285"}],"curies":[{"name":"wp","href":"https:\/\/api.w.org\/{rel}","templated":true}]}}