{"id":13301,"date":"2026-04-30T22:39:01","date_gmt":"2026-04-30T20:39:01","guid":{"rendered":"https:\/\/www.orpheus-magazin.de\/?p=13301"},"modified":"2026-04-30T22:39:07","modified_gmt":"2026-04-30T20:39:07","slug":"kopenhagen-l-incoronazione-di-poppea","status":"publish","type":"post","link":"https:\/\/www.orpheus-magazin.de\/de\/2026\/04\/30\/kopenhagen-l-incoronazione-di-poppea\/","title":{"rendered":"Pi\u00f9 non moro!"},"content":{"rendered":"<p>In der Domus Aurea herrscht reges Treiben. Kaiser Neros goldenes Haus ist am K\u00f6niglichen Theater zwar nicht golden, sondern skandinavisch stilvoller Trockenbau, doch \u201ehyggelig\u201c geht es nicht gerade zu: Da werden Leichen durch den k\u00fchl anmutenden Innenraum gezogen, Exekutionslisten h\u00e4ngen aus, Kisten voller Maschinenpistolen und Handgranaten werden gestapelt. Die Verwaltung verwaltet und an zwei Bauhaus-Schreibtischen wird Neros Herrschaft vollzogen.<\/p>\n\n\n\n<p>Derweil ist dieser bei seiner Geliebten Poppea. Seine Ehefrau Ottavia will er loswerden, l\u00e4sst den mahnenden Seneca sterben, verbannt Ottone und Drusilla und kr\u00f6nt am Ende Poppea. Christoph Marthaler zeigt Claudio Monteverdis fast 400 Jahre altes Meisterwerk nicht als barockes Sittenbild, sondern als \u00fcberraschend schl\u00fcssige Versuchsanordnung \u00fcber Macht: Der Prolog zwischen den allegorischen Instanzen Fortuna, Virt\u00f9 und Amore f\u00e4llt weg; aus dem antiken Rom wird das faschistische Italien. Immer wieder h\u00f6rt man Textfragmente Gabriele D\u2019Annunzios, Dichter, Nationalist und Stichwortgeber des italienischen Faschismus \u2013 dass diese S\u00e4tze aus dem 20. Jahrhundert stammen, verr\u00e4t allenfalls das Wort \u201eItalia\u201c.<\/p>\n\n\n\n<p>S\u00e4ngerisch ist diese Produktion dabei bis in die kleinsten Rollen perfekt besetzt. Kerstin Avemo ist eine Poppea von leuchtender Pr\u00e4senz: stimmlich geschmeidig, gef\u00e4hrlich, mit funkelnder Linie. Kangmin Justin Kim singt Nero, hier ein wenig Dr.-No-Verschnitt, mit ungeheuer sch\u00f6nem Countertenor, silbrig, biegsam, fast schwerelos. Der gl\u00fccklosen Ottavia gibt Anne Sofie von Otter eine noble Herbheit; Morten Grove Frandsen ist ein verletzlicher Ottone. Als Seneca ist Kyungil Ko ein Ereignis: dunkel, weise, grundiert wie aus altem Stein. Und Annika Beinnes l\u00e4sst Drusilla mit hellem Sopran aufbl\u00fchen.<\/p>\n\n\n\n<p>Im Graben setzt Lars Ulrik Mortensen Monteverdis Partitur mit klarer Hand und sparsamer Exzentrik. Schon der er\u00f6ffnende a-Moll-Akkord wird nicht wie so oft zur Improvisationsleinwand aufgespannt, sondern b\u00fcndig klar gesetzt. Das Concerto Copenhagen spielt schlank, federnd, transparent, mit sprechendem Continuo. \u201eHor che\u2019l ciel e la terra\u201c, eine Erg\u00e4nzung aus Monteverdis sp\u00e4tem, achtem Madrigalbuch wird zum magischen Moment kurz vor der Pause, ein Piano h\u00f6chster Spannung. Andere musikalische Einf\u00fcgungen bleiben befremdlicher: So h\u00f6rt man Arnold Sch\u00f6nbergs \u201eHerzgew\u00e4chse\u201c mal auf Zinken und Darmsaiten.<\/p>\n\n\n\n<p>H\u00f6hepunkt ist aber nat\u00fcrlich das Ende \u2013 vielleicht Monteverdis gr\u00f6\u00dfter Geniestreich \u00fcberhaupt: \u201ePur ti miro\u201c, eines der fr\u00fchesten und bis heute wirkungsm\u00e4chtigsten Liebesduette der Operngeschichte. Zu \u201epi\u00f9 non moro\u201c (\u201eNie mehr sterbe ich\u201c) f\u00e4llt dann freilich Nero tot um. Seltsam, gewiss. Aber der eigentlich s\u00fc\u00dfe Schluss ist ohnehin eine unverhohlene L\u00fcge. Das damalige Publikum wusste, wie es weitergeht: Nero wird die schwangere Poppea sp\u00e4ter durch einen Tritt in den Unterleib t\u00f6ten. Marthalers Poppea zielt genau dahin, wo es weh tut.<\/p>\n\n\n\n<p class=\"has-text-align-right\"><em>Willi Patzelt<\/em><\/p>\n\n\n\n<p><strong>\u201eL\u2019incoronazione di Poppea\u201c (\u201eDie Kr\u00f6nung der Poppea\u201c) (1642) \/\/ Opera musicale von Claudio Monteverdi<\/strong><\/p>\n\n\n\n<p><a href=\"https:\/\/www.kglteater.dk\/en\/opera\/2526\/l-incoronazione-di-poppea\/\" target=\"_blank\" rel=\"noreferrer noopener\">Infos und Termine auf der Website des Veranstalters<\/a><\/p>","protected":false},"excerpt":{"rendered":"<p><span class=\"location\"> Det Kongelige Teater (Kopenhagen) \u2022 L\u2019incoronazione di Poppea<\/span><\/br> Monteverdis \u201ePoppea\u201c im faschistischen Italien<\/p>","protected":false},"author":12,"featured_media":13302,"comment_status":"closed","ping_status":"closed","sticky":false,"template":"","format":"standard","meta":{"tpgb_global_settings":"","_editorskit_title_hidden":false,"_editorskit_reading_time":0,"_editorskit_is_block_options_detached":false,"_editorskit_block_options_position":"{}","_eb_attr":"","footnotes":""},"categories":[34,2023],"tags":[],"class_list":["post-13301","post","type-post","status-publish","format-standard","has-post-thumbnail","hentry","category-rezensionen","category-rezensionen-2026-03"],"tpgb_featured_images":{"full":["https:\/\/www.orpheus-magazin.de\/wp-content\/uploads\/2026\/04\/Det-Kongelige-Teater_Lincoronazione-di-Poppea-c-Miklos-Szabo.jpg",1500,1000,false],"tp-image-grid":["https:\/\/www.orpheus-magazin.de\/wp-content\/uploads\/2026\/04\/Det-Kongelige-Teater_Lincoronazione-di-Poppea-c-Miklos-Szabo-700x700.jpg",700,700,true],"thumbnail":["https:\/\/www.orpheus-magazin.de\/wp-content\/uploads\/2026\/04\/Det-Kongelige-Teater_Lincoronazione-di-Poppea-c-Miklos-Szabo-600x200.jpg",600,200,true],"medium":["https:\/\/www.orpheus-magazin.de\/wp-content\/uploads\/2026\/04\/Det-Kongelige-Teater_Lincoronazione-di-Poppea-c-Miklos-Szabo-1200x800.jpg",1200,800,true],"medium_large":["https:\/\/www.orpheus-magazin.de\/wp-content\/uploads\/2026\/04\/Det-Kongelige-Teater_Lincoronazione-di-Poppea-c-Miklos-Szabo-768x512.jpg",600,400,true],"large":["https:\/\/www.orpheus-magazin.de\/wp-content\/uploads\/2026\/04\/Det-Kongelige-Teater_Lincoronazione-di-Poppea-c-Miklos-Szabo.jpg",600,400,false],"default":"https:\/\/www.orpheus-magazin.de\/wp-content\/plugins\/the-plus-addons-for-block-editor\/assets\/images\/tpgb-placeholder.jpg"},"tpgb_post_meta_info":{"get_date":"30. April 2026","get_modified_date":"30. April 2026","category_list":{"category":[{"term_id":34,"name":"Rezensionen","slug":"rezensionen","term_group":0,"term_taxonomy_id":34,"taxonomy":"category","description":"","parent":0,"count":453,"filter":"raw","order":"0"},{"term_id":2023,"name":"Rezensionen 2026\/03","slug":"rezensionen-2026-03","term_group":0,"term_taxonomy_id":2023,"taxonomy":"category","description":"","parent":34,"count":15,"filter":"raw","order":"0"}],"post_tag":false},"author_name":"Florian Maier","author_url":"https:\/\/www.orpheus-magazin.de\/de\/author\/redaktionorpheus-magazin-de\/","author_email":"redaktion@orpheus-magazin.de","author_website":"","author_description":"","author_facebook":"","author_twitter":"","author_instagram":"","author_role":["administrator"],"author_firstname":"Florian","author_lastname":"Maier","user_login":"redaktion@orpheus-magazin.de","author_avatar":"<img alt='' src='https:\/\/secure.gravatar.com\/avatar\/5ee5bbfa3e4d8e8fd4c1781cc619164177d374083eb6aa532bc9f2ba5f9c346a?s=200&#038;d=mm&#038;r=g' srcset='https:\/\/secure.gravatar.com\/avatar\/5ee5bbfa3e4d8e8fd4c1781cc619164177d374083eb6aa532bc9f2ba5f9c346a?s=400&#038;d=mm&#038;r=g 2x' class='avatar avatar-200 photo' height='200' width='200' decoding='async'\/>","author_avatar_url":"https:\/\/secure.gravatar.com\/avatar\/5ee5bbfa3e4d8e8fd4c1781cc619164177d374083eb6aa532bc9f2ba5f9c346a?s=96&d=mm&r=g","comment_count":0,"post_likes":0,"post_views":0},"tpgb_post_category":{"category":"<a href=\"https:\/\/www.orpheus-magazin.de\/de\/category\/rezensionen\/\" alt=\"Rezensionen\"  class=\"category-rezensionen\">Rezensionen<\/a> <a href=\"https:\/\/www.orpheus-magazin.de\/de\/category\/rezensionen\/rezensionen-2026-03\/\" alt=\"Rezensionen 2026\/03\"  class=\"category-rezensionen-2026-03\">Rezensionen 2026\/03<\/a> "},"_links":{"self":[{"href":"https:\/\/www.orpheus-magazin.de\/de\/wp-json\/wp\/v2\/posts\/13301","targetHints":{"allow":["GET"]}}],"collection":[{"href":"https:\/\/www.orpheus-magazin.de\/de\/wp-json\/wp\/v2\/posts"}],"about":[{"href":"https:\/\/www.orpheus-magazin.de\/de\/wp-json\/wp\/v2\/types\/post"}],"author":[{"embeddable":true,"href":"https:\/\/www.orpheus-magazin.de\/de\/wp-json\/wp\/v2\/users\/12"}],"replies":[{"embeddable":true,"href":"https:\/\/www.orpheus-magazin.de\/de\/wp-json\/wp\/v2\/comments?post=13301"}],"version-history":[{"count":1,"href":"https:\/\/www.orpheus-magazin.de\/de\/wp-json\/wp\/v2\/posts\/13301\/revisions"}],"predecessor-version":[{"id":13304,"href":"https:\/\/www.orpheus-magazin.de\/de\/wp-json\/wp\/v2\/posts\/13301\/revisions\/13304"}],"wp:featuredmedia":[{"embeddable":true,"href":"https:\/\/www.orpheus-magazin.de\/de\/wp-json\/wp\/v2\/media\/13302"}],"wp:attachment":[{"href":"https:\/\/www.orpheus-magazin.de\/de\/wp-json\/wp\/v2\/media?parent=13301"}],"wp:term":[{"taxonomy":"category","embeddable":true,"href":"https:\/\/www.orpheus-magazin.de\/de\/wp-json\/wp\/v2\/categories?post=13301"},{"taxonomy":"post_tag","embeddable":true,"href":"https:\/\/www.orpheus-magazin.de\/de\/wp-json\/wp\/v2\/tags?post=13301"}],"curies":[{"name":"wp","href":"https:\/\/api.w.org\/{rel}","templated":true}]}}